{"id":220,"date":"2019-10-10T19:30:30","date_gmt":"2019-10-10T17:30:30","guid":{"rendered":"https:\/\/www.gaudeteaix.fr\/gaudete\/?p=220"},"modified":"2019-11-18T09:57:13","modified_gmt":"2019-11-18T08:57:13","slug":"notre-prochain-concert","status":"publish","type":"post","link":"https:\/\/www.gaudeteaix.fr\/gaudete\/2019\/10\/10\/notre-prochain-concert\/","title":{"rendered":"Concert du 24 novembre 2019"},"content":{"rendered":"\n<p>Ce concert se d\u00e9roulera \u00e0 l&rsquo;\u00e9glise de Puyricard \u00e0 17 heures. <\/p>\n\n\n\n<p>Le programme comportera des pi\u00e8ces a capella du Moyen-Age et de la Renaissance, des extraits de Judas Maccabeus de G.-F. Haendel et le Magnificat de J.-S. Bach. <\/p>\n\n\n\n<figure class=\"wp-block-image size-large\"><img loading=\"lazy\" decoding=\"async\" width=\"724\" height=\"1024\" src=\"https:\/\/www.gaudeteaix.fr\/gaudete\/wp-content\/uploads\/2019\/11\/Affiche-724x1024.jpg\" alt=\"\" class=\"wp-image-233\" srcset=\"https:\/\/www.gaudeteaix.fr\/gaudete\/wp-content\/uploads\/2019\/11\/Affiche-724x1024.jpg 724w, https:\/\/www.gaudeteaix.fr\/gaudete\/wp-content\/uploads\/2019\/11\/Affiche-212x300.jpg 212w, https:\/\/www.gaudeteaix.fr\/gaudete\/wp-content\/uploads\/2019\/11\/Affiche-768x1086.jpg 768w, https:\/\/www.gaudeteaix.fr\/gaudete\/wp-content\/uploads\/2019\/11\/Affiche-1086x1536.jpg 1086w, https:\/\/www.gaudeteaix.fr\/gaudete\/wp-content\/uploads\/2019\/11\/Affiche.jpg 1240w\" sizes=\"auto, (max-width: 724px) 100vw, 724px\" \/><\/figure>\n","protected":false},"excerpt":{"rendered":"<p>Ce concert se d\u00e9roulera \u00e0 l&rsquo;\u00e9glise de Puyricard \u00e0 17 heures. Le programme comportera des pi\u00e8ces a capella du Moyen-Age et de la Renaissance, des extraits de Judas Maccabeus de G.-F. Haendel et le Magnificat de J.-S. Bach.<\/p>\n","protected":false},"author":2,"featured_media":0,"comment_status":"open","ping_status":"open","sticky":false,"template":"","format":"standard","meta":{"footnotes":""},"categories":[4],"tags":[],"class_list":["post-220","post","type-post","status-publish","format-standard","hentry","category-les-concerts"],"_links":{"self":[{"href":"https:\/\/www.gaudeteaix.fr\/gaudete\/wp-json\/wp\/v2\/posts\/220","targetHints":{"allow":["GET"]}}],"collection":[{"href":"https:\/\/www.gaudeteaix.fr\/gaudete\/wp-json\/wp\/v2\/posts"}],"about":[{"href":"https:\/\/www.gaudeteaix.fr\/gaudete\/wp-json\/wp\/v2\/types\/post"}],"author":[{"embeddable":true,"href":"https:\/\/www.gaudeteaix.fr\/gaudete\/wp-json\/wp\/v2\/users\/2"}],"replies":[{"embeddable":true,"href":"https:\/\/www.gaudeteaix.fr\/gaudete\/wp-json\/wp\/v2\/comments?post=220"}],"version-history":[{"count":3,"href":"https:\/\/www.gaudeteaix.fr\/gaudete\/wp-json\/wp\/v2\/posts\/220\/revisions"}],"predecessor-version":[{"id":234,"href":"https:\/\/www.gaudeteaix.fr\/gaudete\/wp-json\/wp\/v2\/posts\/220\/revisions\/234"}],"wp:attachment":[{"href":"https:\/\/www.gaudeteaix.fr\/gaudete\/wp-json\/wp\/v2\/media?parent=220"}],"wp:term":[{"taxonomy":"category","embeddable":true,"href":"https:\/\/www.gaudeteaix.fr\/gaudete\/wp-json\/wp\/v2\/categories?post=220"},{"taxonomy":"post_tag","embeddable":true,"href":"https:\/\/www.gaudeteaix.fr\/gaudete\/wp-json\/wp\/v2\/tags?post=220"}],"curies":[{"name":"wp","href":"https:\/\/api.w.org\/{rel}","templated":true}]}}